{"id":179,"date":"2023-04-13T21:25:08","date_gmt":"2023-04-13T19:25:08","guid":{"rendered":"https:\/\/xn--aroulepournous-fjb.fr\/?p=179"},"modified":"2023-04-20T23:55:15","modified_gmt":"2023-04-20T21:55:15","slug":"premieres-pistes-audio-des-culottes-courtes","status":"publish","type":"post","link":"https:\/\/caroulepournous.fr\/index.php\/2023\/04\/13\/premieres-pistes-audio-des-culottes-courtes\/","title":{"rendered":"Premi\u00e8res pistes audio des culottes courtes"},"content":{"rendered":"\n<p>\u00ab&nbsp;Prendre en compte la parole de l\u2019enfant&nbsp;: un droit pour l\u2019enfant, un devoir pour l\u2019adulte&nbsp;\u00bb<\/p>\n\n\n\n<p>Pour ne pas \u00eatre hors la loi (Article 12 de la Convention Internationale des droits de l\u2019enfant), nous avons cr\u00e9\u00e9 le carnet des enfants \ud83d\ude42<\/p>\n\n\n\n<p>Dans cette rubrique, pas de place pour nos phrases r\u00e9p\u00e9t\u00e9es inlassablement aupr\u00e8s de nos loustics telles que :<\/p>\n\n\n\n<p>\u00ab\u00a0Viens ici, va pas l\u00e0 bas<\/p>\n\n\n\n<p>Dis s\u2019il te pla\u00eet !<\/p>\n\n\n\n<p>J\u2019ai dit quoi&nbsp;<\/p>\n\n\n\n<p>Tu ne m\u2019\u00e9coutes pas<\/p>\n\n\n\n<p>S\u2019il se jette d\u2019un pont est-ce que tu l\u2019fais?<\/p>\n\n\n\n<p>Attention, je vais me f\u00e2cher<\/p>\n\n\n\n<p>T\u2019en as pris trop recrache&nbsp;<\/p>\n\n\n\n<p>Avant d\u2019avaler m\u00e2che<\/p>\n\n\n\n<p>Qu\u2019est-ce que j\u2019ai dit&nbsp;? Pas trop loin mon amour\u00a0\u00bb<\/p>\n\n\n\n<p>mais &#8230; une parole libre de nos enfants, avec leurs ressentis et \u00e9motions sous forme d&rsquo;audios ou d&rsquo;\u00e9crits.<\/p>\n\n\n\n<p>Alors, \u00ab\u00a0la v\u00e9rit\u00e9 sort toujours de la bouche des enfants\u00a0\u00bb? L&rsquo;avenir nous le dira!<\/p>\n\n\n\n<p>Un concentr\u00e9 de bonne humeur devrait \u00eatre au rendez-vous!<\/p>\n\n\n\n<div class=\"wp-block-columns is-layout-flex wp-container-core-columns-is-layout-9d6595d7 wp-block-columns-is-layout-flex\">\n<div class=\"wp-block-column is-layout-flow wp-block-column-is-layout-flow\">\n<figure class=\"wp-block-image size-medium is-style-rounded\"><img loading=\"lazy\" decoding=\"async\" width=\"300\" height=\"300\" src=\"https:\/\/xn--aroulepournous-fjb.fr\/wp-content\/uploads\/2023\/04\/IMG-20230415-WA0006-300x300.png\" alt=\"\" class=\"wp-image-193\" srcset=\"https:\/\/caroulepournous.fr\/wp-content\/uploads\/2023\/04\/IMG-20230415-WA0006-300x300.png 300w, https:\/\/caroulepournous.fr\/wp-content\/uploads\/2023\/04\/IMG-20230415-WA0006-150x150.png 150w, https:\/\/caroulepournous.fr\/wp-content\/uploads\/2023\/04\/IMG-20230415-WA0006.png 600w\" sizes=\"auto, (max-width: 300px) 100vw, 300px\" \/><\/figure>\n<\/div>\n\n\n\n<div class=\"wp-block-column is-layout-flow wp-block-column-is-layout-flow\">\n<h3 class=\"wp-block-heading\">Le voyage selon Agathe<\/h3>\n\n\n\n<figure class=\"wp-block-audio\"><audio controls src=\"https:\/\/xn--aroulepournous-fjb.fr\/wp-content\/uploads\/2023\/04\/Voix-001-_1_.mp3\"><\/audio><\/figure>\n<\/div>\n<\/div>\n\n\n\n<div class=\"wp-block-columns is-layout-flex wp-container-core-columns-is-layout-9d6595d7 wp-block-columns-is-layout-flex\">\n<div class=\"wp-block-column is-layout-flow wp-block-column-is-layout-flow\">\n<figure class=\"wp-block-image size-medium\"><img loading=\"lazy\" decoding=\"async\" width=\"300\" height=\"300\" src=\"https:\/\/xn--aroulepournous-fjb.fr\/wp-content\/uploads\/2023\/04\/IMG-20230415-WA0035-1-300x300.png\" alt=\"\" class=\"wp-image-196\" srcset=\"https:\/\/caroulepournous.fr\/wp-content\/uploads\/2023\/04\/IMG-20230415-WA0035-1-300x300.png 300w, https:\/\/caroulepournous.fr\/wp-content\/uploads\/2023\/04\/IMG-20230415-WA0035-1-150x150.png 150w, https:\/\/caroulepournous.fr\/wp-content\/uploads\/2023\/04\/IMG-20230415-WA0035-1.png 600w\" sizes=\"auto, (max-width: 300px) 100vw, 300px\" \/><\/figure>\n<\/div>\n\n\n\n<div class=\"wp-block-column is-layout-flow wp-block-column-is-layout-flow\">\n<h3 class=\"wp-block-heading\">L&rsquo;itin\u00e9raire d\u00e9crit par un enfant surmotiv\u00e9 : Antoine<\/h3>\n\n\n\n<figure class=\"wp-block-audio\"><audio controls src=\"https:\/\/xn--aroulepournous-fjb.fr\/wp-content\/uploads\/2023\/04\/Voix-005-1.mp3\"><\/audio><\/figure>\n<\/div>\n<\/div>\n","protected":false},"excerpt":{"rendered":"<p>\u00ab&nbsp;Prendre en compte la parole de l\u2019enfant&nbsp;: un droit pour l\u2019enfant, un devoir pour l\u2019adulte&nbsp;\u00bb Pour ne pas \u00eatre hors la loi (Article 12 de la Convention Internationale des droits de l\u2019enfant), nous avons cr\u00e9\u00e9 le carnet des enfants \ud83d\ude42 Dans cette rubrique, pas de place pour nos phrases r\u00e9p\u00e9t\u00e9es inlassablement aupr\u00e8s de nos loustics &hellip;<\/p>\n","protected":false},"author":1,"featured_media":0,"comment_status":"open","ping_status":"open","sticky":false,"template":"","format":"standard","meta":{"_jetpack_memberships_contains_paid_content":false,"footnotes":"","jetpack_publicize_message":"","jetpack_publicize_feature_enabled":true,"jetpack_social_post_already_shared":true,"jetpack_social_options":{"image_generator_settings":{"template":"highway","default_image_id":0,"font":"","enabled":false},"version":2}},"categories":[3],"tags":[],"class_list":["post-179","post","type-post","status-publish","format-standard","hentry","category-carnet-des-enfants","entry entry-center"],"jetpack_publicize_connections":[],"jetpack_featured_media_url":"","jetpack_sharing_enabled":true,"_links":{"self":[{"href":"https:\/\/caroulepournous.fr\/index.php\/wp-json\/wp\/v2\/posts\/179","targetHints":{"allow":["GET"]}}],"collection":[{"href":"https:\/\/caroulepournous.fr\/index.php\/wp-json\/wp\/v2\/posts"}],"about":[{"href":"https:\/\/caroulepournous.fr\/index.php\/wp-json\/wp\/v2\/types\/post"}],"author":[{"embeddable":true,"href":"https:\/\/caroulepournous.fr\/index.php\/wp-json\/wp\/v2\/users\/1"}],"replies":[{"embeddable":true,"href":"https:\/\/caroulepournous.fr\/index.php\/wp-json\/wp\/v2\/comments?post=179"}],"version-history":[{"count":5,"href":"https:\/\/caroulepournous.fr\/index.php\/wp-json\/wp\/v2\/posts\/179\/revisions"}],"predecessor-version":[{"id":199,"href":"https:\/\/caroulepournous.fr\/index.php\/wp-json\/wp\/v2\/posts\/179\/revisions\/199"}],"wp:attachment":[{"href":"https:\/\/caroulepournous.fr\/index.php\/wp-json\/wp\/v2\/media?parent=179"}],"wp:term":[{"taxonomy":"category","embeddable":true,"href":"https:\/\/caroulepournous.fr\/index.php\/wp-json\/wp\/v2\/categories?post=179"},{"taxonomy":"post_tag","embeddable":true,"href":"https:\/\/caroulepournous.fr\/index.php\/wp-json\/wp\/v2\/tags?post=179"}],"curies":[{"name":"wp","href":"https:\/\/api.w.org\/{rel}","templated":true}]}}